{"id":69494,"date":"2025-06-13T06:44:54","date_gmt":"2025-06-13T06:44:54","guid":{"rendered":"https:\/\/new365.azontree.com\/?p=69494"},"modified":"2025-06-13T06:44:54","modified_gmt":"2025-06-13T06:44:54","slug":"arda-guler-handed-iconic-no-10-shirt-for-real-madrids-club-world-cup-campaign","status":"publish","type":"post","link":"https:\/\/new365.azontree.com\/?p=69494","title":{"rendered":"Arda G\u00fcler Handed Iconic No. 10 Shirt for Real Madrid\u2019s Club World Cup Campaign!"},"content":{"rendered":"<article id=\"post-35425\">\n<div>\n<p>In a monumental decision that signals trust and ambition, Real Madrid president Florentino P\u00e9rez has officially confirmed that Arda G\u00fcler will wear the legendary number 10 jersey during the FIFA Club World Cup campaign.<\/p>\n<p>\ud83c\uddf9\ud83c\uddf7 The 19-year-old Turkish sensation is being entrusted with one of the most revered numbers in football history\u2014a shirt previously worn by legends like Luka Modri\u0107, Mesut \u00d6zil, and James Rodr\u00edguez.<\/p>\n<p>\ud83d\udde3\ufe0f Club sources suggest this isn\u2019t just symbolic. P\u00e9rez reportedly sees G\u00fcler as the heir to Real Madrid\u2019s creative throne, and this move is both a message to the fans and a sign of G\u00fcler\u2019s growing influence within the squad.<\/p>\n<p>\u26a1\ufe0f G\u00fcler has dazzled in recent appearances, showing flashes of brilliance, maturity beyond his years, and the fearless flair that Madridistas adore. With this No. 10 shirt comes immense responsibility, but also the chance to etch his name in Madrid\u2019s storied legacy.<\/p>\n<p>\ud83c\udfc6 As the Club World Cup approaches, all eyes will be on the young maestro\u2014can he rise to the occasion and lead Real Madrid to global glory?<\/p>\n<p>A new era begins. Arda G\u00fcler<\/p>\n<p>, No. 10.<\/p>\n<\/div>\n<\/article>\n","protected":false},"excerpt":{"rendered":"<p>In a monumental decision that signals trust and ambition, Real Madrid president Florentino P\u00e9rez has officially confirmed that Arda G\u00fcler will wear the legendary number 10 jersey during the FIFA Club World Cup campaign.<\/p>\n","protected":false},"author":5,"featured_media":69495,"comment_status":"closed","ping_status":"closed","sticky":false,"template":"","format":"standard","meta":{"footnotes":""},"categories":[1],"tags":[],"class_list":["post-69494","post","type-post","status-publish","format-standard","has-post-thumbnail","hentry","category-football"],"yoast_head":"<!-- This site is optimized with the Yoast SEO plugin v23.7 - https:\/\/yoast.com\/wordpress\/plugins\/seo\/ -->\n<title>Arda G\u00fcler Handed Iconic No. 10 Shirt for Real Madrid\u2019s Club World Cup Campaign! - News 365<\/title>\n<meta name=\"robots\" content=\"index, follow, max-snippet:-1, max-image-preview:large, max-video-preview:-1\" \/>\n<link rel=\"canonical\" href=\"https:\/\/new365.azontree.com\/?p=69494\" \/>\n<meta property=\"og:locale\" content=\"en_US\" \/>\n<meta property=\"og:type\" content=\"article\" \/>\n<meta property=\"og:title\" content=\"Arda G\u00fcler Handed Iconic No. 10 Shirt for Real Madrid\u2019s Club World Cup Campaign! - News 365\" \/>\n<meta property=\"og:description\" content=\"In a monumental decision that signals trust and ambition, Real Madrid president Florentino P\u00e9rez has officially confirmed that Arda G\u00fcler will wear the legendary number 10 jersey during the FIFA Club World Cup campaign.\" \/>\n<meta property=\"og:url\" content=\"https:\/\/new365.azontree.com\/?p=69494\" \/>\n<meta property=\"og:site_name\" content=\"News 365\" \/>\n<meta property=\"article:published_time\" content=\"2025-06-13T06:44:54+00:00\" \/>\n<meta property=\"og:image\" content=\"https:\/\/new365.azontree.com\/wp-content\/uploads\/2025\/06\/IMG_0783.jpeg\" \/>\n\t<meta property=\"og:image:width\" content=\"526\" \/>\n\t<meta property=\"og:image:height\" content=\"526\" \/>\n\t<meta property=\"og:image:type\" content=\"image\/jpeg\" \/>\n<meta name=\"author\" content=\"MsTrinh\" \/>\n<meta name=\"twitter:card\" content=\"summary_large_image\" \/>\n<meta name=\"twitter:label1\" content=\"Written by\" \/>\n\t<meta name=\"twitter:data1\" content=\"MsTrinh\" \/>\n\t<meta name=\"twitter:label2\" content=\"Est. reading time\" \/>\n\t<meta name=\"twitter:data2\" content=\"2 minutes\" \/>\n<script type=\"application\/ld+json\" class=\"yoast-schema-graph\">{\"@context\":\"https:\/\/schema.org\",\"@graph\":[{\"@type\":\"WebPage\",\"@id\":\"https:\/\/new365.azontree.com\/?p=69494\",\"url\":\"https:\/\/new365.azontree.com\/?p=69494\",\"name\":\"Arda G\u00fcler Handed Iconic No. 10 Shirt for Real Madrid\u2019s Club World Cup Campaign! - News 365\",\"isPartOf\":{\"@id\":\"https:\/\/new365.azontree.com\/#website\"},\"primaryImageOfPage\":{\"@id\":\"https:\/\/new365.azontree.com\/?p=69494#primaryimage\"},\"image\":{\"@id\":\"https:\/\/new365.azontree.com\/?p=69494#primaryimage\"},\"thumbnailUrl\":\"https:\/\/new365.azontree.com\/wp-content\/uploads\/2025\/06\/IMG_0783.jpeg\",\"datePublished\":\"2025-06-13T06:44:54+00:00\",\"dateModified\":\"2025-06-13T06:44:54+00:00\",\"author\":{\"@id\":\"https:\/\/new365.azontree.com\/#\/schema\/person\/4ceee60ccedcaefdcdb92666e3638df8\"},\"breadcrumb\":{\"@id\":\"https:\/\/new365.azontree.com\/?p=69494#breadcrumb\"},\"inLanguage\":\"en-US\",\"potentialAction\":[{\"@type\":\"ReadAction\",\"target\":[\"https:\/\/new365.azontree.com\/?p=69494\"]}]},{\"@type\":\"ImageObject\",\"inLanguage\":\"en-US\",\"@id\":\"https:\/\/new365.azontree.com\/?p=69494#primaryimage\",\"url\":\"https:\/\/new365.azontree.com\/wp-content\/uploads\/2025\/06\/IMG_0783.jpeg\",\"contentUrl\":\"https:\/\/new365.azontree.com\/wp-content\/uploads\/2025\/06\/IMG_0783.jpeg\",\"width\":526,\"height\":526},{\"@type\":\"BreadcrumbList\",\"@id\":\"https:\/\/new365.azontree.com\/?p=69494#breadcrumb\",\"itemListElement\":[{\"@type\":\"ListItem\",\"position\":1,\"name\":\"Home\",\"item\":\"https:\/\/new365.azontree.com\/\"},{\"@type\":\"ListItem\",\"position\":2,\"name\":\"Arda G\u00fcler Handed Iconic No. 10 Shirt for Real Madrid\u2019s Club World Cup Campaign!\"}]},{\"@type\":\"WebSite\",\"@id\":\"https:\/\/new365.azontree.com\/#website\",\"url\":\"https:\/\/new365.azontree.com\/\",\"name\":\"News 365\",\"description\":\"Your Daily Dose of Sports News and Updates\",\"potentialAction\":[{\"@type\":\"SearchAction\",\"target\":{\"@type\":\"EntryPoint\",\"urlTemplate\":\"https:\/\/new365.azontree.com\/?s={search_term_string}\"},\"query-input\":{\"@type\":\"PropertyValueSpecification\",\"valueRequired\":true,\"valueName\":\"search_term_string\"}}],\"inLanguage\":\"en-US\"},{\"@type\":\"Person\",\"@id\":\"https:\/\/new365.azontree.com\/#\/schema\/person\/4ceee60ccedcaefdcdb92666e3638df8\",\"name\":\"MsTrinh\",\"image\":{\"@type\":\"ImageObject\",\"inLanguage\":\"en-US\",\"@id\":\"https:\/\/new365.azontree.com\/#\/schema\/person\/image\/\",\"url\":\"https:\/\/secure.gravatar.com\/avatar\/6f334e513f44159c0cebc84de47ae8c06c54d423e5372ae7ac253be488b39650?s=96&d=mm&r=g\",\"contentUrl\":\"https:\/\/secure.gravatar.com\/avatar\/6f334e513f44159c0cebc84de47ae8c06c54d423e5372ae7ac253be488b39650?s=96&d=mm&r=g\",\"caption\":\"MsTrinh\"},\"sameAs\":[\"https:\/\/new365.azontree.com\/\"],\"url\":\"https:\/\/new365.azontree.com\/?author=5\"}]}<\/script>\n<!-- \/ Yoast SEO plugin. -->","yoast_head_json":{"title":"Arda G\u00fcler Handed Iconic No. 10 Shirt for Real Madrid\u2019s Club World Cup Campaign! - News 365","robots":{"index":"index","follow":"follow","max-snippet":"max-snippet:-1","max-image-preview":"max-image-preview:large","max-video-preview":"max-video-preview:-1"},"canonical":"https:\/\/new365.azontree.com\/?p=69494","og_locale":"en_US","og_type":"article","og_title":"Arda G\u00fcler Handed Iconic No. 10 Shirt for Real Madrid\u2019s Club World Cup Campaign! - News 365","og_description":"In a monumental decision that signals trust and ambition, Real Madrid president Florentino P\u00e9rez has officially confirmed that Arda G\u00fcler will wear the legendary number 10 jersey during the FIFA Club World Cup campaign.","og_url":"https:\/\/new365.azontree.com\/?p=69494","og_site_name":"News 365","article_published_time":"2025-06-13T06:44:54+00:00","og_image":[{"width":526,"height":526,"url":"https:\/\/new365.azontree.com\/wp-content\/uploads\/2025\/06\/IMG_0783.jpeg","type":"image\/jpeg"}],"author":"MsTrinh","twitter_card":"summary_large_image","twitter_misc":{"Written by":"MsTrinh","Est. reading time":"2 minutes"},"schema":{"@context":"https:\/\/schema.org","@graph":[{"@type":"WebPage","@id":"https:\/\/new365.azontree.com\/?p=69494","url":"https:\/\/new365.azontree.com\/?p=69494","name":"Arda G\u00fcler Handed Iconic No. 10 Shirt for Real Madrid\u2019s Club World Cup Campaign! - News 365","isPartOf":{"@id":"https:\/\/new365.azontree.com\/#website"},"primaryImageOfPage":{"@id":"https:\/\/new365.azontree.com\/?p=69494#primaryimage"},"image":{"@id":"https:\/\/new365.azontree.com\/?p=69494#primaryimage"},"thumbnailUrl":"https:\/\/new365.azontree.com\/wp-content\/uploads\/2025\/06\/IMG_0783.jpeg","datePublished":"2025-06-13T06:44:54+00:00","dateModified":"2025-06-13T06:44:54+00:00","author":{"@id":"https:\/\/new365.azontree.com\/#\/schema\/person\/4ceee60ccedcaefdcdb92666e3638df8"},"breadcrumb":{"@id":"https:\/\/new365.azontree.com\/?p=69494#breadcrumb"},"inLanguage":"en-US","potentialAction":[{"@type":"ReadAction","target":["https:\/\/new365.azontree.com\/?p=69494"]}]},{"@type":"ImageObject","inLanguage":"en-US","@id":"https:\/\/new365.azontree.com\/?p=69494#primaryimage","url":"https:\/\/new365.azontree.com\/wp-content\/uploads\/2025\/06\/IMG_0783.jpeg","contentUrl":"https:\/\/new365.azontree.com\/wp-content\/uploads\/2025\/06\/IMG_0783.jpeg","width":526,"height":526},{"@type":"BreadcrumbList","@id":"https:\/\/new365.azontree.com\/?p=69494#breadcrumb","itemListElement":[{"@type":"ListItem","position":1,"name":"Home","item":"https:\/\/new365.azontree.com\/"},{"@type":"ListItem","position":2,"name":"Arda G\u00fcler Handed Iconic No. 10 Shirt for Real Madrid\u2019s Club World Cup Campaign!"}]},{"@type":"WebSite","@id":"https:\/\/new365.azontree.com\/#website","url":"https:\/\/new365.azontree.com\/","name":"News 365","description":"Your Daily Dose of Sports News and Updates","potentialAction":[{"@type":"SearchAction","target":{"@type":"EntryPoint","urlTemplate":"https:\/\/new365.azontree.com\/?s={search_term_string}"},"query-input":{"@type":"PropertyValueSpecification","valueRequired":true,"valueName":"search_term_string"}}],"inLanguage":"en-US"},{"@type":"Person","@id":"https:\/\/new365.azontree.com\/#\/schema\/person\/4ceee60ccedcaefdcdb92666e3638df8","name":"MsTrinh","image":{"@type":"ImageObject","inLanguage":"en-US","@id":"https:\/\/new365.azontree.com\/#\/schema\/person\/image\/","url":"https:\/\/secure.gravatar.com\/avatar\/6f334e513f44159c0cebc84de47ae8c06c54d423e5372ae7ac253be488b39650?s=96&d=mm&r=g","contentUrl":"https:\/\/secure.gravatar.com\/avatar\/6f334e513f44159c0cebc84de47ae8c06c54d423e5372ae7ac253be488b39650?s=96&d=mm&r=g","caption":"MsTrinh"},"sameAs":["https:\/\/new365.azontree.com\/"],"url":"https:\/\/new365.azontree.com\/?author=5"}]}},"_links":{"self":[{"href":"https:\/\/new365.azontree.com\/index.php?rest_route=\/wp\/v2\/posts\/69494","targetHints":{"allow":["GET"]}}],"collection":[{"href":"https:\/\/new365.azontree.com\/index.php?rest_route=\/wp\/v2\/posts"}],"about":[{"href":"https:\/\/new365.azontree.com\/index.php?rest_route=\/wp\/v2\/types\/post"}],"author":[{"embeddable":true,"href":"https:\/\/new365.azontree.com\/index.php?rest_route=\/wp\/v2\/users\/5"}],"replies":[{"embeddable":true,"href":"https:\/\/new365.azontree.com\/index.php?rest_route=%2Fwp%2Fv2%2Fcomments&post=69494"}],"version-history":[{"count":1,"href":"https:\/\/new365.azontree.com\/index.php?rest_route=\/wp\/v2\/posts\/69494\/revisions"}],"predecessor-version":[{"id":69496,"href":"https:\/\/new365.azontree.com\/index.php?rest_route=\/wp\/v2\/posts\/69494\/revisions\/69496"}],"wp:featuredmedia":[{"embeddable":true,"href":"https:\/\/new365.azontree.com\/index.php?rest_route=\/wp\/v2\/media\/69495"}],"wp:attachment":[{"href":"https:\/\/new365.azontree.com\/index.php?rest_route=%2Fwp%2Fv2%2Fmedia&parent=69494"}],"wp:term":[{"taxonomy":"category","embeddable":true,"href":"https:\/\/new365.azontree.com\/index.php?rest_route=%2Fwp%2Fv2%2Fcategories&post=69494"},{"taxonomy":"post_tag","embeddable":true,"href":"https:\/\/new365.azontree.com\/index.php?rest_route=%2Fwp%2Fv2%2Ftags&post=69494"}],"curies":[{"name":"wp","href":"https:\/\/api.w.org\/{rel}","templated":true}]}}