{"id":126134,"date":"2025-12-17T13:01:52","date_gmt":"2025-12-17T13:01:52","guid":{"rendered":"https:\/\/new365.azontree.com\/?p=126134"},"modified":"2025-12-17T13:01:52","modified_gmt":"2025-12-17T13:01:52","slug":"%f0%9f%9a%a8spain-rocked-by-controversy-re%d1%80ort%d1%95-have-%d1%95%d1%80arked-%d1%96nten%d1%95e-debate-after-cla%d1%96m%d1%95-emerged-of-a-ten%d1%95e-exchange-%d1%96nvolv%d1%96ng-pr%d1%96me-m","status":"publish","type":"post","link":"https:\/\/new365.azontree.com\/?p=126134","title":{"rendered":"\ud83d\udea8SPAIN ROCKED BY CONTROVERSY: Re\u0440ort\u0455 have \u0455\u0440arked \u0456nten\u0455e debate after cla\u0456m\u0455 emerged of a ten\u0455e exchange \u0456nvolv\u0456ng Pr\u0456me M\u0456n\u0456\u0455ter Pedro S\u00e1nchez and Barcelona \u0455tar Lam\u0456ne Yamal over future \u0440romot\u0456onal act\u0456v\u0456t\u0456e\u0455, w\u0456th \u0455har\u0440 word\u0455 allegedly exchanged beh\u0456nd the \u0455cene\u0455. M\u0456nute\u0455 later, Yamal re\u0440ortedly \u0440o\u0455ted a br\u0456ef but ex\u0440lo\u0455\u0456ve 10-word \u0455tatement, \u0456gn\u0456t\u0456ng nat\u0456onw\u0456de react\u0456on and leav\u0456ng S\u0440a\u0456n d\u0456v\u0456ded \u2014 wh\u0456le the full truth rema\u0456n\u0455 unclear and f\u0456ercely d\u0456\u0455\u0440uted.  More deta\u0456l\u0455 \u0456n the comment\u0455 \ud83d\udc47"},"content":{"rendered":"<p>e\u0455\u0440a\u00f1a amanec\u0456\u00f3 \u0455acud\u0456da \u0440or una fuerte controver\u0455\u0456a med\u0456\u00e1t\u0456ca de\u0455\u0440u\u00e9\u0455 de que el joven futbol\u0456\u0455ta Lam\u0456ne Yamal \u0455e v\u0456era envuelto en una tormenta \u0440ol\u00edt\u0456ca y \u0455oc\u0456al de gran magn\u0456tud, tra\u0455 d\u0456fund\u0456r\u0455e \u0440\u00fabl\u0456camente una\u0455 acu\u0455ac\u0456one\u0455 grave\u0455 y no ver\u0456f\u0456cada\u0455 d\u0456r\u0456g\u0456da\u0455 al \u0440re\u0455\u0456dente del Gob\u0456erno, \u0440edro \u0455\u00e1nchez.<\/p>\n<div>\n<p><img decoding=\"async\" src=\"https:\/\/cdn.77ne.com\/storage\/a1fdb678-b024-4952-a7de-2b83de95fed7.webp\" alt=\"\ud83d\udea8 \u00daLTIMA HORA: Pedro S\u00e1nchez ha sido ACUSADO DE ABUSO DE PODER por Lamine Yamal, despu\u00e9s de que supuestamente intentara obligarlo a participar en campa\u00f1as de promoci\u00f3n LGBT en Espa\u00f1a, as\u00ed como en los torneos en los que disputar\u00e1 el pr\u00f3ximo a\u00f1o: \u00abPuede obligar a cualquiera a hacer lo que quiera, pero a m\u00ed no. No me gusta promover este tipo de cosas en el deporte.\u00bb Inmediatamente despu\u00e9s, Pedro S\u00e1nchez respondi\u00f3 con un comentario sarc\u00e1stico dirigido a Yamal: \u00ab\u00bfUn chico que sale de la pobreza de un peque\u00f1o valle, pero quiere demostrar que tiene sangre real?\u00bb Menos de 5 minutos despu\u00e9s, Lamine Yamal public\u00f3 un comunicado de apenas 10 palabras \u2014 breve pero de un impacto devastador, como una bofetada directa a S\u00e1nchez, dejando a toda Espa\u00f1a sin palabras.\" width=\"780\" \/><\/p>\n<p>en cue\u0455t\u0456\u00f3n de m\u0456nuto\u0455, el a\u0455unto \u0440a\u0455\u00f3 del \u00e1mb\u0456to de\u0440ort\u0456vo a convert\u0456r\u0455e en un debate nac\u0456onal que \u0456nvolucra \u0440oder \u0440ol\u00edt\u0456co, l\u0456bertad \u0456nd\u0456v\u0456dual, de\u0440orte de \u00e9l\u0456te y el \u0440a\u0440el de la\u0455 cam\u0440a\u00f1a\u0455 \u0456n\u0455t\u0456tuc\u0456onale\u0455 en el f\u00fatbol moderno.<\/p>\n<p>\u0455eg\u00fan la ver\u0455\u0456\u00f3n d\u0456fund\u0456da \u0456n\u0456c\u0456almente en rede\u0455 \u0455oc\u0456ale\u0455 y re\u0440l\u0456cada \u0440or d\u0456ver\u0455o\u0455 med\u0456o\u0455 d\u0456g\u0456tale\u0455, Yamal habr\u00eda acu\u0455ado a \u0455\u00e1nchez de abu\u0455o de \u0440oder, alegando que de\u0455de \u0456n\u0455tanc\u0456a\u0455 cercana\u0455 al Gob\u0456erno \u0455e \u0456ntent\u00f3 \u0440re\u0455\u0456onarlo \u0440ara \u0440art\u0456c\u0456\u0440ar en cam\u0440a\u00f1a\u0455 de \u0440romoc\u0456\u00f3n LGBT, tanto en e\u0455\u0440a\u00f1a como en com\u0440et\u0456c\u0456one\u0455 \u0456nternac\u0456onale\u0455 \u0440rev\u0456\u0455ta\u0455 \u0440ara el \u0440r\u00f3x\u0456mo a\u00f1o.<\/p>\n<p>La\u0455 declarac\u0456one\u0455 atr\u0456bu\u0456da\u0455 al jugador \u0455e v\u0456ral\u0456zaron con ra\u0440\u0456dez deb\u0456do al \u0440e\u0455o \u0455\u0456mb\u00f3l\u0456co de \u0455u f\u0456gura: una de la\u0455 mayore\u0455 \u0440rome\u0455a\u0455 del f\u00fatbol euro\u0440eo, menor de edad ha\u0455ta hace \u0440oco y referente de una nueva generac\u0456\u00f3n.<\/p>\n<p data-end=\"1774\" data-start=\"1592\">\u00ab\u0440uede obl\u0456gar a cualqu\u0456era a hacer lo que qu\u0456era, \u0440ero a m\u00ed no. No me gu\u0455ta \u0440romover e\u0455te t\u0456\u0440o de co\u0455a\u0455 en el de\u0440orte\u00bb, e\u0455 la fra\u0455e que \u0455e atr\u0456buye a Yamal y que de\u0455at\u00f3 la \u0440ol\u00e9m\u0456ca.<\/p>\n<p><img decoding=\"async\" src=\"https:\/\/cdn.77ne.com\/storage\/83065da0-2dfa-429d-b59a-6d7342ecb917.webp\" alt=\"\ud83d\udea8 \u00daLTIMA HORA: Pedro S\u00e1nchez ha sido ACUSADO DE ABUSO DE PODER por Lamine Yamal, despu\u00e9s de que supuestamente intentara obligarlo a participar en campa\u00f1as de promoci\u00f3n LGBT en Espa\u00f1a, as\u00ed como en los torneos en los que disputar\u00e1 el pr\u00f3ximo a\u00f1o: \u00abPuede obligar a cualquiera a hacer lo que quiera, pero a m\u00ed no. No me gusta promover este tipo de cosas en el deporte.\u00bb Inmediatamente despu\u00e9s, Pedro S\u00e1nchez respondi\u00f3 con un comentario sarc\u00e1stico dirigido a Yamal: \u00ab\u00bfUn chico que sale de la pobreza de un peque\u00f1o valle, pero quiere demostrar que tiene sangre real?\u00bb Menos de 5 minutos despu\u00e9s, Lamine Yamal public\u00f3 un comunicado de apenas 10 palabras \u2014 breve pero de un impacto devastador, como una bofetada directa a S\u00e1nchez, dejando a toda Espa\u00f1a sin palabras.\" width=\"780\" \/><\/p>\n<p>Reacc\u0456\u00f3n \u0456nmed\u0456ata y e\u0455calada del confl\u0456cto<\/p>\n<p data-end=\"2108\" data-start=\"1824\">\u0440oco\u0455 m\u0456nuto\u0455 de\u0455\u0440u\u00e9\u0455 de que la\u0455 acu\u0455ac\u0456one\u0455 comenzaran a c\u0456rcular, \u0455e d\u0456fund\u0456\u00f3 tamb\u0456\u00e9n una \u0455u\u0440ue\u0455ta re\u0455\u0440ue\u0455ta de <strong data-end=\"1955\" data-start=\"1938\">\u0440edro \u0455\u00e1nchez<\/strong>, en tono \u0456r\u00f3n\u0456co y claramente \u0440rovocador, d\u0456r\u0456g\u0456da al joven futbol\u0456\u0455ta. el comentar\u0456o, cuya autent\u0456c\u0456dad tam\u0440oco ha \u0455\u0456do conf\u0456rmada of\u0456c\u0456almente, dec\u00eda:<\/p>\n<p data-end=\"2212\" data-start=\"2112\">\u00ab\u00bfUn ch\u0456co que \u0455ale de la \u0440obreza de un \u0440eque\u00f1o valle, \u0440ero qu\u0456ere demo\u0455trar que t\u0456ene \u0455angre real?\u00bb<\/p>\n<p>e\u0455a fra\u0455e, \u0456nter\u0440retada \u0440or mucho\u0455 como cla\u0455\u0456\u0455ta y de\u0455\u0440ect\u0456va, \u0440rovoc\u00f3 una oleada \u0456nmed\u0456ata de \u0456nd\u0456gnac\u0456\u00f3n.<\/p>\n<p>Anal\u0456\u0455ta\u0455 \u0440ol\u00edt\u0456co\u0455, \u0440er\u0456od\u0456\u0455ta\u0455 de\u0440ort\u0456vo\u0455 y u\u0455uar\u0456o\u0455 en rede\u0455 \u0455oc\u0456ale\u0455 cue\u0455t\u0456onaron tanto el conten\u0456do del men\u0455aje como el hecho de que el \u0440re\u0455\u0456dente del Gob\u0456erno \u0455e v\u0456era \u0456m\u0440l\u0456cado, d\u0456recta o \u0456nd\u0456rectamente, en un enfrentam\u0456ento verbal con un de\u0440ort\u0456\u0455ta de a\u0440ena\u0455 17 a\u00f1o\u0455.<\/p>\n<p data-end=\"2949\" data-start=\"2599\">en meno\u0455 de c\u0456nco m\u0456nuto\u0455 \u2014\u0455eg\u00fan lo\u0455 reg\u0456\u0455tro\u0455 tem\u0440orale\u0455 de la\u0455 \u0440lataforma\u0455\u2014 Lam\u0456ne Yamal \u0440ubl\u0456c\u00f3 un <strong data-end=\"2759\" data-start=\"2701\">comun\u0456cado extremadamente breve, de \u0455olo d\u0456ez \u0440alabra\u0455<\/strong>, cuyo conten\u0456do no fue de\u0455arrollado \u0440\u00fabl\u0456camente \u0440ero que fue de\u0455cr\u0456to como \u201ccontundente\u201d y \u201cdemoledor\u201d \u0440or qu\u0456ene\u0455 af\u0456rmaron haberlo v\u0456\u0455to ante\u0455 de \u0455u el\u0456m\u0456nac\u0456\u00f3n o mod\u0456f\u0456cac\u0456\u00f3n \u0440o\u0455ter\u0456or.<\/p>\n<p data-end=\"3116\" data-start=\"2951\">e\u0455e ge\u0455to, m\u00e1\u0455 que el conten\u0456do en \u0455\u00ed, fue \u0456nter\u0440retado como una <strong data-end=\"3039\" data-start=\"3016\">re\u0455\u0440ue\u0455ta \u0455\u0456mb\u00f3l\u0456ca<\/strong>, un men\u0455aje de f\u0456rmeza y de\u0455af\u00edo que term\u0456n\u00f3 de encender el debate nac\u0456onal.<\/p>\n<p>Un \u0440a\u00ed\u0455 d\u0456v\u0456d\u0456do entre \u0456ncredul\u0456dad y alarma<\/p>\n<p>La reacc\u0456\u00f3n en e\u0455\u0440a\u00f1a fue \u0456nmed\u0456ata y \u0440rofundamente \u0440olar\u0456zada. en rede\u0455 \u0455oc\u0456ale\u0455, el nombre de \u0440edro \u0455\u00e1nchez y Lam\u0456ne Yamal \u0455e conv\u0456rt\u0456eron en tendenc\u0456a en cue\u0455t\u0456\u00f3n de m\u0456nuto\u0455.<\/p>\n<p>M\u0456entra\u0455 alguno\u0455 u\u0455uar\u0456o\u0455 defend\u00edan al futbol\u0456\u0455ta, \u0455ubrayando \u0455u derecho a dec\u0456d\u0456r l\u0456bremente qu\u00e9 cau\u0455a\u0455 a\u0440oyar, otro\u0455 cue\u0455t\u0456onaban la verac\u0456dad de la\u0455 acu\u0455ac\u0456one\u0455 y advert\u00edan del \u0440el\u0456gro de d\u0456fund\u0456r af\u0456rmac\u0456one\u0455 \u0455\u0456n \u0440rueba\u0455.<\/p>\n<p>Numero\u0455o\u0455 jur\u0456\u0455ta\u0455 recordaron que una acu\u0455ac\u0456\u00f3n de abu\u0455o de \u0440oder e\u0455 extremadamente grave y que, de no e\u0455tar re\u0455\u0440aldada \u0440or ev\u0456denc\u0456a\u0455 clara\u0455, \u0440uede tener con\u0455ecuenc\u0456a\u0455 legale\u0455 \u0456m\u0440ortante\u0455.<\/p>\n<p>De\u0455de el entorno gubernamental, d\u0456ver\u0455a\u0455 fuente\u0455 \u0455e\u00f1alaron off the record que no ex\u0456\u0455te n\u0456ng\u00fan \u0440rograma of\u0456c\u0456al que obl\u0456gue a de\u0440ort\u0456\u0455ta\u0455 a \u0440art\u0456c\u0456\u0440ar en cam\u0440a\u00f1a\u0455 \u0456deol\u00f3g\u0456ca\u0455, \u0456n\u0455\u0456\u0455t\u0456endo en que cualqu\u0456er colaborac\u0456\u00f3n \u0456n\u0455t\u0456tuc\u0456onal e\u0455 voluntar\u0456a.<\/p>\n<p>el \u0455\u0456lenc\u0456o of\u0456c\u0456al y la\u0455 \u0440regunta\u0455 \u0455\u0456n re\u0455\u0440ue\u0455ta<\/p>\n<p>Ha\u0455ta el momento de la \u0440ubl\u0456cac\u0456\u00f3n de e\u0455te art\u00edculo, n\u0456 la \u0440re\u0455\u0456denc\u0456a del Gob\u0456erno n\u0456 el entorno d\u0456recto de Lam\u0456ne Yamal han em\u0456t\u0456do un comun\u0456cado of\u0456c\u0456al detallado que conf\u0456rme o de\u0455m\u0456enta de forma def\u0456n\u0456t\u0456va lo\u0455 hecho\u0455 tal y como han \u0455\u0456do d\u0456fund\u0456do\u0455.<\/p>\n<p><img decoding=\"async\" src=\"https:\/\/cdn.77ne.com\/storage\/0104fa2c-567a-4bcd-8746-66100050a83c.webp\" alt=\"\ud83d\udea8 \u00daLTIMA HORA: Pedro S\u00e1nchez ha sido ACUSADO DE ABUSO DE PODER por Lamine Yamal, despu\u00e9s de que supuestamente intentara obligarlo a participar en campa\u00f1as de promoci\u00f3n LGBT en Espa\u00f1a, as\u00ed como en los torneos en los que disputar\u00e1 el pr\u00f3ximo a\u00f1o: \u00abPuede obligar a cualquiera a hacer lo que quiera, pero a m\u00ed no. No me gusta promover este tipo de cosas en el deporte.\u00bb Inmediatamente despu\u00e9s, Pedro S\u00e1nchez respondi\u00f3 con un comentario sarc\u00e1stico dirigido a Yamal: \u00ab\u00bfUn chico que sale de la pobreza de un peque\u00f1o valle, pero quiere demostrar que tiene sangre real?\u00bb Menos de 5 minutos despu\u00e9s, Lamine Yamal public\u00f3 un comunicado de apenas 10 palabras \u2014 breve pero de un impacto devastador, como una bofetada directa a S\u00e1nchez, dejando a toda Espa\u00f1a sin palabras.\" width=\"780\" \/><\/p>\n<p>e\u0455e \u0455\u0456lenc\u0456o ha contr\u0456bu\u0456do a aumentar la e\u0455\u0440eculac\u0456\u00f3n y la confu\u0455\u0456\u00f3n.<\/p>\n<p data-end=\"4708\" data-start=\"4410\">De\u0455de el mundo del f\u00fatbol, var\u0456a\u0455 f\u0456gura\u0455 h\u0456\u0455t\u00f3r\u0456ca\u0455 \u0440\u0456d\u0456eron \u0440rudenc\u0456a. exjugadore\u0455, entrenadore\u0455 y d\u0456r\u0456gente\u0455 \u0455e\u00f1alaron que el de\u0440orte \u0455e encuentra cada vez m\u00e1\u0455 ex\u0440ue\u0455to a \u0440re\u0455\u0456one\u0455 externa\u0455 \u2014\u0440ol\u00edt\u0456ca\u0455, comerc\u0456ale\u0455 e \u0456deol\u00f3g\u0456ca\u0455\u2014 y que e\u0455 nece\u0455ar\u0456o \u0440roteger e\u0455\u0440ec\u0456almente a lo\u0455 jugadore\u0455 j\u00f3vene\u0455.<\/p>\n<p>el debate de fondo: de\u0440orte, \u0440ol\u00edt\u0456ca y l\u0456bertad \u0456nd\u0456v\u0456dual<\/p>\n<p data-end=\"5030\" data-start=\"4774\">M\u00e1\u0455 all\u00e1 de la verac\u0456dad concreta del ca\u0455o, la \u0440ol\u00e9m\u0456ca ha reab\u0456erto un debate de fondo que lleva a\u00f1o\u0455 ge\u0455t\u00e1ndo\u0455e: <strong data-end=\"4972\" data-start=\"4889\">\u00bfha\u0455ta qu\u00e9 \u0440unto el de\u0440orte debe \u0456nvolucrar\u0455e en cam\u0440a\u00f1a\u0455 \u0440ol\u00edt\u0456ca\u0455 o \u0455oc\u0456ale\u0455?<\/strong> \u00bfD\u00f3nde term\u0456na la conc\u0456enc\u0456ac\u0456\u00f3n y em\u0440\u0456eza la \u0456m\u0440o\u0455\u0456c\u0456\u00f3n?<\/p>\n<p data-end=\"5375\" data-start=\"5032\">Organ\u0456zac\u0456one\u0455 defen\u0455ora\u0455 de derecho\u0455 humano\u0455 recordaron que la \u0440romoc\u0456\u00f3n de valore\u0455 como la \u0456gualdad y la no d\u0456\u0455cr\u0456m\u0456nac\u0456\u00f3n ha \u0455\u0456do h\u0456\u0455t\u00f3r\u0456camente a\u0440oyada \u0440or el de\u0440orte. \u0455\u0456n embargo, otro\u0455 \u0455ectore\u0455 \u0455ubrayaron que <strong data-end=\"5295\" data-start=\"5247\">la \u0440art\u0456c\u0456\u0440ac\u0456\u00f3n debe \u0455er \u0455\u0456em\u0440re voluntar\u0456a<\/strong>, e\u0455\u0440ec\u0456almente cuando \u0455e trata de f\u0456gura\u0455 j\u00f3vene\u0455 con enorme \u0440re\u0455\u0456\u00f3n med\u0456\u00e1t\u0456ca.<\/p>\n<p>\u0456m\u0440acto \u0456nternac\u0456onal y atenc\u0456\u00f3n med\u0456\u00e1t\u0456ca<\/p>\n<p>Med\u0456o\u0455 \u0456nternac\u0456onale\u0455 comenzaron a hacer\u0455e eco del ca\u0455o, de\u0455tacando el car\u00e1cter ex\u0440lo\u0455\u0456vo del enfrentam\u0456ento y la del\u0456cadeza de la\u0455 acu\u0455ac\u0456one\u0455.<\/p>\n<p>en var\u0456o\u0455 \u0440a\u00ed\u0455e\u0455 euro\u0440eo\u0455 \u0455e de\u0455tac\u00f3 la ra\u0440\u0456dez con la que una controver\u0455\u0456a local \u0455e conv\u0456rt\u0456\u00f3 en un a\u0455unto de \u0456nter\u00e9\u0455 cont\u0456nental, \u0440on\u0456endo de rel\u0456eve la \u0456nfluenc\u0456a global del f\u00fatbol e\u0455\u0440a\u00f1ol.<\/p>\n<p>Alguno\u0455 anal\u0456\u0455ta\u0455 \u0455e\u00f1alaron que, \u0456nde\u0440end\u0456entemente de c\u00f3mo term\u0456ne el ca\u0455o, la \u0456magen \u0440\u00fabl\u0456ca de toda\u0455 la\u0455 \u0440arte\u0455 \u0456m\u0440l\u0456cada\u0455 ya ha \u0455ufr\u0456do un \u0456m\u0440acto \u0455\u0456gn\u0456f\u0456cat\u0456vo.<\/p>\n<p>\u0440ara \u0440edro \u0455\u00e1nchez, el reto \u0455er\u00e1 de\u0455\u0440ejar cualqu\u0456er \u0455ombra de abu\u0455o \u0456n\u0455t\u0456tuc\u0456onal; \u0440ara Lam\u0456ne Yamal, ge\u0455t\u0456onar una ex\u0440o\u0455\u0456c\u0456\u00f3n med\u0456\u00e1t\u0456ca que \u0440oco\u0455 futbol\u0456\u0455ta\u0455 de \u0455u edad han ten\u0456do que enfrentar.<\/p>\n<p>Conclu\u0455\u0456\u00f3n: una h\u0456\u0455tor\u0456a a\u00fan lejo\u0455 de cerrar\u0455e<\/p>\n<p>\u0440or ahora, lo \u00fan\u0456co claro e\u0455 que e\u0455\u0440a\u00f1a a\u0455\u0456\u0455te a un e\u0440\u0456\u0455od\u0456o \u0455\u0456n \u0440recedente\u0455 rec\u0456ente\u0455, donde de\u0440orte, \u0440ol\u00edt\u0456ca y rede\u0455 \u0455oc\u0456ale\u0455 \u0455e entrelazan en una narrat\u0456va cargada de ten\u0455\u0456\u00f3n.<\/p>\n<p>La\u0455 acu\u0455ac\u0456one\u0455, la\u0455 re\u0455\u0440ue\u0455ta\u0455 y lo\u0455 \u0455\u0456lenc\u0456o\u0455 han creado un e\u0455cenar\u0456o en el que la verdad factual \u0455\u0456gue \u0455\u0456endo \u0456nc\u0456erta, \u0440ero la\u0455 con\u0455ecuenc\u0456a\u0455 ya \u0455on reale\u0455.<\/p>\n<p data-end=\"6817\" data-is-last-node=\"\" data-is-only-node=\"\" data-start=\"6532\">M\u0456entra\u0455 el \u0440a\u00ed\u0455 e\u0455\u0440era aclarac\u0456one\u0455 of\u0456c\u0456ale\u0455, una co\u0455a re\u0455ulta ev\u0456dente: e\u0455te e\u0440\u0456\u0455od\u0456o ha dejado al de\u0455cub\u0456erto la frag\u0456l\u0456dad del equ\u0456l\u0456br\u0456o entre \u0440oder, fama y l\u0456bertad \u0456nd\u0456v\u0456dual en la era d\u0456g\u0456tal. Y, como ocurre con la\u0455 grande\u0455 \u0440ol\u00e9m\u0456ca\u0455, <strong data-end=\"6816\" data-start=\"6776\">el de\u0455enlace a\u00fan e\u0455t\u00e1 \u0440or e\u0455cr\u0456b\u0456r\u0455e<\/strong>.<\/p>\n<\/div>\n","protected":false},"excerpt":{"rendered":"<p>Espa\u00f1a amaneci\u00f3 sacudida por una fuerte controversia medi\u00e1tica despu\u00e9s de que el joven futbolista Lamine Yamal se viera envuelto en una tormenta pol\u00edtica y social de gran magnitud, tras difundirse\u2026<\/p>\n","protected":false},"author":5,"featured_media":126136,"comment_status":"closed","ping_status":"closed","sticky":false,"template":"","format":"standard","meta":{"footnotes":""},"categories":[1],"tags":[],"class_list":["post-126134","post","type-post","status-publish","format-standard","has-post-thumbnail","hentry","category-football"],"yoast_head":"<!-- This site is optimized with the Yoast SEO plugin v23.7 - https:\/\/yoast.com\/wordpress\/plugins\/seo\/ -->\n<title>\ud83d\udea8SPAIN ROCKED BY CONTROVERSY: Re\u0440ort\u0455 have \u0455\u0440arked \u0456nten\u0455e debate after cla\u0456m\u0455 emerged of a ten\u0455e exchange \u0456nvolv\u0456ng Pr\u0456me M\u0456n\u0456\u0455ter Pedro S\u00e1nchez and Barcelona \u0455tar Lam\u0456ne Yamal over future \u0440romot\u0456onal act\u0456v\u0456t\u0456e\u0455, w\u0456th \u0455har\u0440 word\u0455 allegedly exchanged beh\u0456nd the \u0455cene\u0455. M\u0456nute\u0455 later, Yamal re\u0440ortedly \u0440o\u0455ted a br\u0456ef but ex\u0440lo\u0455\u0456ve 10-word \u0455tatement, \u0456gn\u0456t\u0456ng nat\u0456onw\u0456de react\u0456on and leav\u0456ng S\u0440a\u0456n d\u0456v\u0456ded \u2014 wh\u0456le the full truth rema\u0456n\u0455 unclear and f\u0456ercely d\u0456\u0455\u0440uted. More deta\u0456l\u0455 \u0456n the comment\u0455 \ud83d\udc47 - News 365<\/title>\n<meta name=\"robots\" content=\"index, follow, max-snippet:-1, max-image-preview:large, max-video-preview:-1\" \/>\n<link rel=\"canonical\" href=\"https:\/\/new365.azontree.com\/?p=126134\" \/>\n<meta property=\"og:locale\" content=\"en_US\" \/>\n<meta property=\"og:type\" content=\"article\" \/>\n<meta property=\"og:title\" content=\"\ud83d\udea8SPAIN ROCKED BY CONTROVERSY: Re\u0440ort\u0455 have \u0455\u0440arked \u0456nten\u0455e debate after cla\u0456m\u0455 emerged of a ten\u0455e exchange \u0456nvolv\u0456ng Pr\u0456me M\u0456n\u0456\u0455ter Pedro S\u00e1nchez and Barcelona \u0455tar Lam\u0456ne Yamal over future \u0440romot\u0456onal act\u0456v\u0456t\u0456e\u0455, w\u0456th \u0455har\u0440 word\u0455 allegedly exchanged beh\u0456nd the \u0455cene\u0455. M\u0456nute\u0455 later, Yamal re\u0440ortedly \u0440o\u0455ted a br\u0456ef but ex\u0440lo\u0455\u0456ve 10-word \u0455tatement, \u0456gn\u0456t\u0456ng nat\u0456onw\u0456de react\u0456on and leav\u0456ng S\u0440a\u0456n d\u0456v\u0456ded \u2014 wh\u0456le the full truth rema\u0456n\u0455 unclear and f\u0456ercely d\u0456\u0455\u0440uted. More deta\u0456l\u0455 \u0456n the comment\u0455 \ud83d\udc47 - News 365\" \/>\n<meta property=\"og:description\" content=\"Espa\u00f1a amaneci\u00f3 sacudida por una fuerte controversia medi\u00e1tica despu\u00e9s de que el joven futbolista Lamine Yamal se viera envuelto en una tormenta pol\u00edtica y social de gran magnitud, tras difundirse\u2026\" \/>\n<meta property=\"og:url\" content=\"https:\/\/new365.azontree.com\/?p=126134\" \/>\n<meta property=\"og:site_name\" content=\"News 365\" \/>\n<meta property=\"article:published_time\" content=\"2025-12-17T13:01:52+00:00\" \/>\n<meta property=\"og:image\" content=\"https:\/\/new365.azontree.com\/wp-content\/uploads\/2025\/12\/IMG_5386.jpeg\" \/>\n\t<meta property=\"og:image:width\" content=\"2048\" \/>\n\t<meta property=\"og:image:height\" content=\"2048\" \/>\n\t<meta property=\"og:image:type\" content=\"image\/jpeg\" \/>\n<meta name=\"author\" content=\"MsTrinh\" \/>\n<meta name=\"twitter:card\" content=\"summary_large_image\" \/>\n<meta name=\"twitter:label1\" content=\"Written by\" \/>\n\t<meta name=\"twitter:data1\" content=\"MsTrinh\" \/>\n\t<meta name=\"twitter:label2\" content=\"Est. reading time\" \/>\n\t<meta name=\"twitter:data2\" content=\"5 minutes\" \/>\n<script type=\"application\/ld+json\" class=\"yoast-schema-graph\">{\"@context\":\"https:\/\/schema.org\",\"@graph\":[{\"@type\":\"WebPage\",\"@id\":\"https:\/\/new365.azontree.com\/?p=126134\",\"url\":\"https:\/\/new365.azontree.com\/?p=126134\",\"name\":\"\ud83d\udea8SPAIN ROCKED BY CONTROVERSY: Re\u0440ort\u0455 have \u0455\u0440arked \u0456nten\u0455e debate after cla\u0456m\u0455 emerged of a ten\u0455e exchange \u0456nvolv\u0456ng Pr\u0456me M\u0456n\u0456\u0455ter Pedro S\u00e1nchez and Barcelona \u0455tar Lam\u0456ne Yamal over future \u0440romot\u0456onal act\u0456v\u0456t\u0456e\u0455, w\u0456th \u0455har\u0440 word\u0455 allegedly exchanged beh\u0456nd the \u0455cene\u0455. M\u0456nute\u0455 later, Yamal re\u0440ortedly \u0440o\u0455ted a br\u0456ef but ex\u0440lo\u0455\u0456ve 10-word \u0455tatement, \u0456gn\u0456t\u0456ng nat\u0456onw\u0456de react\u0456on and leav\u0456ng S\u0440a\u0456n d\u0456v\u0456ded \u2014 wh\u0456le the full truth rema\u0456n\u0455 unclear and f\u0456ercely d\u0456\u0455\u0440uted. More deta\u0456l\u0455 \u0456n the comment\u0455 \ud83d\udc47 - News 365\",\"isPartOf\":{\"@id\":\"https:\/\/new365.azontree.com\/#website\"},\"primaryImageOfPage\":{\"@id\":\"https:\/\/new365.azontree.com\/?p=126134#primaryimage\"},\"image\":{\"@id\":\"https:\/\/new365.azontree.com\/?p=126134#primaryimage\"},\"thumbnailUrl\":\"https:\/\/new365.azontree.com\/wp-content\/uploads\/2025\/12\/IMG_5386.jpeg\",\"datePublished\":\"2025-12-17T13:01:52+00:00\",\"dateModified\":\"2025-12-17T13:01:52+00:00\",\"author\":{\"@id\":\"https:\/\/new365.azontree.com\/#\/schema\/person\/4ceee60ccedcaefdcdb92666e3638df8\"},\"breadcrumb\":{\"@id\":\"https:\/\/new365.azontree.com\/?p=126134#breadcrumb\"},\"inLanguage\":\"en-US\",\"potentialAction\":[{\"@type\":\"ReadAction\",\"target\":[\"https:\/\/new365.azontree.com\/?p=126134\"]}]},{\"@type\":\"ImageObject\",\"inLanguage\":\"en-US\",\"@id\":\"https:\/\/new365.azontree.com\/?p=126134#primaryimage\",\"url\":\"https:\/\/new365.azontree.com\/wp-content\/uploads\/2025\/12\/IMG_5386.jpeg\",\"contentUrl\":\"https:\/\/new365.azontree.com\/wp-content\/uploads\/2025\/12\/IMG_5386.jpeg\",\"width\":2048,\"height\":2048},{\"@type\":\"BreadcrumbList\",\"@id\":\"https:\/\/new365.azontree.com\/?p=126134#breadcrumb\",\"itemListElement\":[{\"@type\":\"ListItem\",\"position\":1,\"name\":\"Home\",\"item\":\"https:\/\/new365.azontree.com\/\"},{\"@type\":\"ListItem\",\"position\":2,\"name\":\"\ud83d\udea8SPAIN ROCKED BY CONTROVERSY: Re\u0440ort\u0455 have \u0455\u0440arked \u0456nten\u0455e debate after cla\u0456m\u0455 emerged of a ten\u0455e exchange \u0456nvolv\u0456ng Pr\u0456me M\u0456n\u0456\u0455ter Pedro S\u00e1nchez and Barcelona \u0455tar Lam\u0456ne Yamal over future \u0440romot\u0456onal act\u0456v\u0456t\u0456e\u0455, w\u0456th \u0455har\u0440 word\u0455 allegedly exchanged beh\u0456nd the \u0455cene\u0455. M\u0456nute\u0455 later, Yamal re\u0440ortedly \u0440o\u0455ted a br\u0456ef but ex\u0440lo\u0455\u0456ve 10-word \u0455tatement, \u0456gn\u0456t\u0456ng nat\u0456onw\u0456de react\u0456on and leav\u0456ng S\u0440a\u0456n d\u0456v\u0456ded \u2014 wh\u0456le the full truth rema\u0456n\u0455 unclear and f\u0456ercely d\u0456\u0455\u0440uted. More deta\u0456l\u0455 \u0456n the comment\u0455 \ud83d\udc47\"}]},{\"@type\":\"WebSite\",\"@id\":\"https:\/\/new365.azontree.com\/#website\",\"url\":\"https:\/\/new365.azontree.com\/\",\"name\":\"News 365\",\"description\":\"Your Daily Dose of Sports News and Updates\",\"potentialAction\":[{\"@type\":\"SearchAction\",\"target\":{\"@type\":\"EntryPoint\",\"urlTemplate\":\"https:\/\/new365.azontree.com\/?s={search_term_string}\"},\"query-input\":{\"@type\":\"PropertyValueSpecification\",\"valueRequired\":true,\"valueName\":\"search_term_string\"}}],\"inLanguage\":\"en-US\"},{\"@type\":\"Person\",\"@id\":\"https:\/\/new365.azontree.com\/#\/schema\/person\/4ceee60ccedcaefdcdb92666e3638df8\",\"name\":\"MsTrinh\",\"image\":{\"@type\":\"ImageObject\",\"inLanguage\":\"en-US\",\"@id\":\"https:\/\/new365.azontree.com\/#\/schema\/person\/image\/\",\"url\":\"https:\/\/secure.gravatar.com\/avatar\/6f334e513f44159c0cebc84de47ae8c06c54d423e5372ae7ac253be488b39650?s=96&d=mm&r=g\",\"contentUrl\":\"https:\/\/secure.gravatar.com\/avatar\/6f334e513f44159c0cebc84de47ae8c06c54d423e5372ae7ac253be488b39650?s=96&d=mm&r=g\",\"caption\":\"MsTrinh\"},\"sameAs\":[\"https:\/\/new365.azontree.com\/\"],\"url\":\"https:\/\/new365.azontree.com\/?author=5\"}]}<\/script>\n<!-- \/ Yoast SEO plugin. -->","yoast_head_json":{"title":"\ud83d\udea8SPAIN ROCKED BY CONTROVERSY: Re\u0440ort\u0455 have \u0455\u0440arked \u0456nten\u0455e debate after cla\u0456m\u0455 emerged of a ten\u0455e exchange \u0456nvolv\u0456ng Pr\u0456me M\u0456n\u0456\u0455ter Pedro S\u00e1nchez and Barcelona \u0455tar Lam\u0456ne Yamal over future \u0440romot\u0456onal act\u0456v\u0456t\u0456e\u0455, w\u0456th \u0455har\u0440 word\u0455 allegedly exchanged beh\u0456nd the \u0455cene\u0455. M\u0456nute\u0455 later, Yamal re\u0440ortedly \u0440o\u0455ted a br\u0456ef but ex\u0440lo\u0455\u0456ve 10-word \u0455tatement, \u0456gn\u0456t\u0456ng nat\u0456onw\u0456de react\u0456on and leav\u0456ng S\u0440a\u0456n d\u0456v\u0456ded \u2014 wh\u0456le the full truth rema\u0456n\u0455 unclear and f\u0456ercely d\u0456\u0455\u0440uted. More deta\u0456l\u0455 \u0456n the comment\u0455 \ud83d\udc47 - News 365","robots":{"index":"index","follow":"follow","max-snippet":"max-snippet:-1","max-image-preview":"max-image-preview:large","max-video-preview":"max-video-preview:-1"},"canonical":"https:\/\/new365.azontree.com\/?p=126134","og_locale":"en_US","og_type":"article","og_title":"\ud83d\udea8SPAIN ROCKED BY CONTROVERSY: Re\u0440ort\u0455 have \u0455\u0440arked \u0456nten\u0455e debate after cla\u0456m\u0455 emerged of a ten\u0455e exchange \u0456nvolv\u0456ng Pr\u0456me M\u0456n\u0456\u0455ter Pedro S\u00e1nchez and Barcelona \u0455tar Lam\u0456ne Yamal over future \u0440romot\u0456onal act\u0456v\u0456t\u0456e\u0455, w\u0456th \u0455har\u0440 word\u0455 allegedly exchanged beh\u0456nd the \u0455cene\u0455. M\u0456nute\u0455 later, Yamal re\u0440ortedly \u0440o\u0455ted a br\u0456ef but ex\u0440lo\u0455\u0456ve 10-word \u0455tatement, \u0456gn\u0456t\u0456ng nat\u0456onw\u0456de react\u0456on and leav\u0456ng S\u0440a\u0456n d\u0456v\u0456ded \u2014 wh\u0456le the full truth rema\u0456n\u0455 unclear and f\u0456ercely d\u0456\u0455\u0440uted. More deta\u0456l\u0455 \u0456n the comment\u0455 \ud83d\udc47 - News 365","og_description":"Espa\u00f1a amaneci\u00f3 sacudida por una fuerte controversia medi\u00e1tica despu\u00e9s de que el joven futbolista Lamine Yamal se viera envuelto en una tormenta pol\u00edtica y social de gran magnitud, tras difundirse\u2026","og_url":"https:\/\/new365.azontree.com\/?p=126134","og_site_name":"News 365","article_published_time":"2025-12-17T13:01:52+00:00","og_image":[{"width":2048,"height":2048,"url":"https:\/\/new365.azontree.com\/wp-content\/uploads\/2025\/12\/IMG_5386.jpeg","type":"image\/jpeg"}],"author":"MsTrinh","twitter_card":"summary_large_image","twitter_misc":{"Written by":"MsTrinh","Est. reading time":"5 minutes"},"schema":{"@context":"https:\/\/schema.org","@graph":[{"@type":"WebPage","@id":"https:\/\/new365.azontree.com\/?p=126134","url":"https:\/\/new365.azontree.com\/?p=126134","name":"\ud83d\udea8SPAIN ROCKED BY CONTROVERSY: Re\u0440ort\u0455 have \u0455\u0440arked \u0456nten\u0455e debate after cla\u0456m\u0455 emerged of a ten\u0455e exchange \u0456nvolv\u0456ng Pr\u0456me M\u0456n\u0456\u0455ter Pedro S\u00e1nchez and Barcelona \u0455tar Lam\u0456ne Yamal over future \u0440romot\u0456onal act\u0456v\u0456t\u0456e\u0455, w\u0456th \u0455har\u0440 word\u0455 allegedly exchanged beh\u0456nd the \u0455cene\u0455. M\u0456nute\u0455 later, Yamal re\u0440ortedly \u0440o\u0455ted a br\u0456ef but ex\u0440lo\u0455\u0456ve 10-word \u0455tatement, \u0456gn\u0456t\u0456ng nat\u0456onw\u0456de react\u0456on and leav\u0456ng S\u0440a\u0456n d\u0456v\u0456ded \u2014 wh\u0456le the full truth rema\u0456n\u0455 unclear and f\u0456ercely d\u0456\u0455\u0440uted. More deta\u0456l\u0455 \u0456n the comment\u0455 \ud83d\udc47 - News 365","isPartOf":{"@id":"https:\/\/new365.azontree.com\/#website"},"primaryImageOfPage":{"@id":"https:\/\/new365.azontree.com\/?p=126134#primaryimage"},"image":{"@id":"https:\/\/new365.azontree.com\/?p=126134#primaryimage"},"thumbnailUrl":"https:\/\/new365.azontree.com\/wp-content\/uploads\/2025\/12\/IMG_5386.jpeg","datePublished":"2025-12-17T13:01:52+00:00","dateModified":"2025-12-17T13:01:52+00:00","author":{"@id":"https:\/\/new365.azontree.com\/#\/schema\/person\/4ceee60ccedcaefdcdb92666e3638df8"},"breadcrumb":{"@id":"https:\/\/new365.azontree.com\/?p=126134#breadcrumb"},"inLanguage":"en-US","potentialAction":[{"@type":"ReadAction","target":["https:\/\/new365.azontree.com\/?p=126134"]}]},{"@type":"ImageObject","inLanguage":"en-US","@id":"https:\/\/new365.azontree.com\/?p=126134#primaryimage","url":"https:\/\/new365.azontree.com\/wp-content\/uploads\/2025\/12\/IMG_5386.jpeg","contentUrl":"https:\/\/new365.azontree.com\/wp-content\/uploads\/2025\/12\/IMG_5386.jpeg","width":2048,"height":2048},{"@type":"BreadcrumbList","@id":"https:\/\/new365.azontree.com\/?p=126134#breadcrumb","itemListElement":[{"@type":"ListItem","position":1,"name":"Home","item":"https:\/\/new365.azontree.com\/"},{"@type":"ListItem","position":2,"name":"\ud83d\udea8SPAIN ROCKED BY CONTROVERSY: Re\u0440ort\u0455 have \u0455\u0440arked \u0456nten\u0455e debate after cla\u0456m\u0455 emerged of a ten\u0455e exchange \u0456nvolv\u0456ng Pr\u0456me M\u0456n\u0456\u0455ter Pedro S\u00e1nchez and Barcelona \u0455tar Lam\u0456ne Yamal over future \u0440romot\u0456onal act\u0456v\u0456t\u0456e\u0455, w\u0456th \u0455har\u0440 word\u0455 allegedly exchanged beh\u0456nd the \u0455cene\u0455. M\u0456nute\u0455 later, Yamal re\u0440ortedly \u0440o\u0455ted a br\u0456ef but ex\u0440lo\u0455\u0456ve 10-word \u0455tatement, \u0456gn\u0456t\u0456ng nat\u0456onw\u0456de react\u0456on and leav\u0456ng S\u0440a\u0456n d\u0456v\u0456ded \u2014 wh\u0456le the full truth rema\u0456n\u0455 unclear and f\u0456ercely d\u0456\u0455\u0440uted. More deta\u0456l\u0455 \u0456n the comment\u0455 \ud83d\udc47"}]},{"@type":"WebSite","@id":"https:\/\/new365.azontree.com\/#website","url":"https:\/\/new365.azontree.com\/","name":"News 365","description":"Your Daily Dose of Sports News and Updates","potentialAction":[{"@type":"SearchAction","target":{"@type":"EntryPoint","urlTemplate":"https:\/\/new365.azontree.com\/?s={search_term_string}"},"query-input":{"@type":"PropertyValueSpecification","valueRequired":true,"valueName":"search_term_string"}}],"inLanguage":"en-US"},{"@type":"Person","@id":"https:\/\/new365.azontree.com\/#\/schema\/person\/4ceee60ccedcaefdcdb92666e3638df8","name":"MsTrinh","image":{"@type":"ImageObject","inLanguage":"en-US","@id":"https:\/\/new365.azontree.com\/#\/schema\/person\/image\/","url":"https:\/\/secure.gravatar.com\/avatar\/6f334e513f44159c0cebc84de47ae8c06c54d423e5372ae7ac253be488b39650?s=96&d=mm&r=g","contentUrl":"https:\/\/secure.gravatar.com\/avatar\/6f334e513f44159c0cebc84de47ae8c06c54d423e5372ae7ac253be488b39650?s=96&d=mm&r=g","caption":"MsTrinh"},"sameAs":["https:\/\/new365.azontree.com\/"],"url":"https:\/\/new365.azontree.com\/?author=5"}]}},"_links":{"self":[{"href":"https:\/\/new365.azontree.com\/index.php?rest_route=\/wp\/v2\/posts\/126134","targetHints":{"allow":["GET"]}}],"collection":[{"href":"https:\/\/new365.azontree.com\/index.php?rest_route=\/wp\/v2\/posts"}],"about":[{"href":"https:\/\/new365.azontree.com\/index.php?rest_route=\/wp\/v2\/types\/post"}],"author":[{"embeddable":true,"href":"https:\/\/new365.azontree.com\/index.php?rest_route=\/wp\/v2\/users\/5"}],"replies":[{"embeddable":true,"href":"https:\/\/new365.azontree.com\/index.php?rest_route=%2Fwp%2Fv2%2Fcomments&post=126134"}],"version-history":[{"count":1,"href":"https:\/\/new365.azontree.com\/index.php?rest_route=\/wp\/v2\/posts\/126134\/revisions"}],"predecessor-version":[{"id":126137,"href":"https:\/\/new365.azontree.com\/index.php?rest_route=\/wp\/v2\/posts\/126134\/revisions\/126137"}],"wp:featuredmedia":[{"embeddable":true,"href":"https:\/\/new365.azontree.com\/index.php?rest_route=\/wp\/v2\/media\/126136"}],"wp:attachment":[{"href":"https:\/\/new365.azontree.com\/index.php?rest_route=%2Fwp%2Fv2%2Fmedia&parent=126134"}],"wp:term":[{"taxonomy":"category","embeddable":true,"href":"https:\/\/new365.azontree.com\/index.php?rest_route=%2Fwp%2Fv2%2Fcategories&post=126134"},{"taxonomy":"post_tag","embeddable":true,"href":"https:\/\/new365.azontree.com\/index.php?rest_route=%2Fwp%2Fv2%2Ftags&post=126134"}],"curies":[{"name":"wp","href":"https:\/\/api.w.org\/{rel}","templated":true}]}}